{"id":7464,"date":"2017-05-04T11:38:04","date_gmt":"2017-05-04T15:38:04","guid":{"rendered":"https:\/\/beachsidesoccer.org\/?p=7464"},"modified":"2017-10-18T14:22:38","modified_gmt":"2017-10-18T18:22:38","slug":"noah-radecki-invited-us-national-camp","status":"publish","type":"post","link":"https:\/\/beachsidesoccer.org\/es\/noah-radecki-invited-us-national-camp\/","title":{"rendered":"Noah Radecki invitado al campamento nacional juvenil de EE. UU."},"content":{"rendered":"<p><strong>Noah Radecki de Beachside, miembro del equipo de la Academia de Ni\u00f1os de 2003, ha sido invitado al Campamento Futures del Equipo Nacional Juvenil de US Soccer.<\/strong>. A partir del 26 de mayo de 2017, US Soccer ser\u00e1 el anfitri\u00f3n de su tercer Campamento de Futuros del Equipo Nacional Juvenil anual en el StubHub Center en Carson, California.<\/p>\n<div>\n<p>El Campamento Futures del Equipo Nacional Juvenil brinda una oportunidad para los jugadores m\u00e1s talentosos en los a\u00f1os de nacimiento 2002 y 2003, con el objetivo de identificar y monitorear de cerca el progreso de los jugadores que maduran m\u00e1s tarde y que han demostrado cualidades t\u00e9cnicas y atl\u00e9ticas excepcionales.<\/p>\n<p>\u201cEstamos todos muy orgullosos de la invitaci\u00f3n de Noah al Campamento Futures del Equipo Nacional Juvenil. Noah ha estado con Beachside desde que ten\u00eda 6 a\u00f1os y ha trabajado continuamente para mejorar su juego dentro y fuera del campo. Estoy emocionado por la oportunidad de Noah y las oportunidades que este programa de US Soccer ofrecer\u00e1 a otros jugadores de nuestro club \u201d, dijo el director t\u00e9cnico y fundador del club, Mickey Kydes.<\/p>\n<\/div>","protected":false},"excerpt":{"rendered":"<p>Beachside\u2019s Noah Radecki, a 2003 Boys Academy Team Member, has been invited to US Soccer\u2019s Youth National Team Futures Camp. Beginning May 26, 2017, U.S. Soccer will be hosting its &hellip; <a href=\"https:\/\/beachsidesoccer.org\/es\/noah-radecki-invited-us-national-camp\/\" class=\"more-link\">Continue reading <span class=\"screen-reader-text\">Noah Radecki invitado al campamento nacional juvenil de EE. UU.<\/span><\/a><\/p>","protected":false},"author":3,"featured_media":0,"comment_status":"closed","ping_status":"open","sticky":false,"template":"","format":"standard","meta":{"_acf_changed":false,"footnotes":""},"categories":[79,1],"tags":[],"class_list":["post-7464","post","type-post","status-publish","format-standard","hentry","category-club_news","category-uncategorized"],"acf":[],"yoast_head":"<!-- This site is optimized with the Yoast SEO plugin v27.4 - https:\/\/yoast.com\/product\/yoast-seo-wordpress\/ -->\n<title>Noah Radecki Invited to US Youth National Camp - Beachside Soccer<\/title>\n<meta name=\"robots\" content=\"index, follow, max-snippet:-1, max-image-preview:large, max-video-preview:-1\" \/>\n<link rel=\"canonical\" href=\"https:\/\/beachsidesoccer.org\/es\/noah-radecki-invited-us-national-camp\/\" \/>\n<meta property=\"og:locale\" content=\"es_MX\" \/>\n<meta property=\"og:type\" content=\"article\" \/>\n<meta property=\"og:title\" content=\"Noah Radecki Invited to US Youth National Camp - Beachside Soccer\" \/>\n<meta property=\"og:description\" content=\"Beachside\u2019s Noah Radecki, a 2003 Boys Academy Team Member, has been invited to US Soccer\u2019s Youth National Team Futures Camp. Beginning May 26, 2017, U.S. Soccer will be hosting its &hellip; Continue reading Noah Radecki Invited to US Youth National Camp\" \/>\n<meta property=\"og:url\" content=\"https:\/\/beachsidesoccer.org\/es\/noah-radecki-invited-us-national-camp\/\" \/>\n<meta property=\"og:site_name\" content=\"Beachside Soccer\" \/>\n<meta property=\"article:published_time\" content=\"2017-05-04T15:38:04+00:00\" \/>\n<meta property=\"article:modified_time\" content=\"2017-10-18T18:22:38+00:00\" \/>\n<meta name=\"author\" content=\"Eleni\" \/>\n<meta name=\"twitter:card\" content=\"summary_large_image\" \/>\n<meta name=\"twitter:label1\" content=\"Escrito por\" \/>\n\t<meta name=\"twitter:data1\" content=\"Eleni\" \/>\n\t<meta name=\"twitter:label2\" content=\"Tiempo de lectura\" \/>\n\t<meta name=\"twitter:data2\" content=\"1 minuto\" \/>\n<script type=\"application\/ld+json\" class=\"yoast-schema-graph\">{\"@context\":\"https:\\\/\\\/schema.org\",\"@graph\":[{\"@type\":\"Article\",\"@id\":\"https:\\\/\\\/beachsidesoccer.org\\\/noah-radecki-invited-us-national-camp\\\/#article\",\"isPartOf\":{\"@id\":\"https:\\\/\\\/beachsidesoccer.org\\\/noah-radecki-invited-us-national-camp\\\/\"},\"author\":{\"name\":\"Eleni\",\"@id\":\"https:\\\/\\\/beachsidesoccer.org\\\/#\\\/schema\\\/person\\\/c85675e00e2addda1525a20ca0c5144c\"},\"headline\":\"Noah Radecki Invited to US Youth National Camp\",\"datePublished\":\"2017-05-04T15:38:04+00:00\",\"dateModified\":\"2017-10-18T18:22:38+00:00\",\"mainEntityOfPage\":{\"@id\":\"https:\\\/\\\/beachsidesoccer.org\\\/noah-radecki-invited-us-national-camp\\\/\"},\"wordCount\":161,\"publisher\":{\"@id\":\"https:\\\/\\\/beachsidesoccer.org\\\/#organization\"},\"articleSection\":[\"Club News\",\"Uncategorized\"],\"inLanguage\":\"es\"},{\"@type\":\"WebPage\",\"@id\":\"https:\\\/\\\/beachsidesoccer.org\\\/noah-radecki-invited-us-national-camp\\\/\",\"url\":\"https:\\\/\\\/beachsidesoccer.org\\\/noah-radecki-invited-us-national-camp\\\/\",\"name\":\"Noah Radecki Invited to US Youth National Camp - Beachside Soccer\",\"isPartOf\":{\"@id\":\"https:\\\/\\\/beachsidesoccer.org\\\/#website\"},\"datePublished\":\"2017-05-04T15:38:04+00:00\",\"dateModified\":\"2017-10-18T18:22:38+00:00\",\"breadcrumb\":{\"@id\":\"https:\\\/\\\/beachsidesoccer.org\\\/noah-radecki-invited-us-national-camp\\\/#breadcrumb\"},\"inLanguage\":\"es\",\"potentialAction\":[{\"@type\":\"ReadAction\",\"target\":[\"https:\\\/\\\/beachsidesoccer.org\\\/noah-radecki-invited-us-national-camp\\\/\"]}]},{\"@type\":\"BreadcrumbList\",\"@id\":\"https:\\\/\\\/beachsidesoccer.org\\\/noah-radecki-invited-us-national-camp\\\/#breadcrumb\",\"itemListElement\":[{\"@type\":\"ListItem\",\"position\":1,\"name\":\"Home\",\"item\":\"https:\\\/\\\/beachsidesoccer.org\\\/\"},{\"@type\":\"ListItem\",\"position\":2,\"name\":\"Noah Radecki Invited to US Youth National Camp\"}]},{\"@type\":\"WebSite\",\"@id\":\"https:\\\/\\\/beachsidesoccer.org\\\/#website\",\"url\":\"https:\\\/\\\/beachsidesoccer.org\\\/\",\"name\":\"Beachside Soccer\",\"description\":\"\",\"publisher\":{\"@id\":\"https:\\\/\\\/beachsidesoccer.org\\\/#organization\"},\"potentialAction\":[{\"@type\":\"SearchAction\",\"target\":{\"@type\":\"EntryPoint\",\"urlTemplate\":\"https:\\\/\\\/beachsidesoccer.org\\\/?s={search_term_string}\"},\"query-input\":{\"@type\":\"PropertyValueSpecification\",\"valueRequired\":true,\"valueName\":\"search_term_string\"}}],\"inLanguage\":\"es\"},{\"@type\":\"Organization\",\"@id\":\"https:\\\/\\\/beachsidesoccer.org\\\/#organization\",\"name\":\"Beachside Soccer Club\",\"url\":\"https:\\\/\\\/beachsidesoccer.org\\\/\",\"logo\":{\"@type\":\"ImageObject\",\"inLanguage\":\"es\",\"@id\":\"https:\\\/\\\/beachsidesoccer.org\\\/#\\\/schema\\\/logo\\\/image\\\/\",\"url\":\"https:\\\/\\\/beachsidesoccer.org\\\/wp-content\\\/uploads\\\/2016\\\/06\\\/beachside-bright-logo_small.jpg\",\"contentUrl\":\"https:\\\/\\\/beachsidesoccer.org\\\/wp-content\\\/uploads\\\/2016\\\/06\\\/beachside-bright-logo_small.jpg\",\"width\":144,\"height\":179,\"caption\":\"Beachside Soccer Club\"},\"image\":{\"@id\":\"https:\\\/\\\/beachsidesoccer.org\\\/#\\\/schema\\\/logo\\\/image\\\/\"}},{\"@type\":\"Person\",\"@id\":\"https:\\\/\\\/beachsidesoccer.org\\\/#\\\/schema\\\/person\\\/c85675e00e2addda1525a20ca0c5144c\",\"name\":\"Eleni\",\"image\":{\"@type\":\"ImageObject\",\"inLanguage\":\"es\",\"@id\":\"https:\\\/\\\/secure.gravatar.com\\\/avatar\\\/0ad71be637f02386933ba6cd59fc5789cb4928ff94791afe4c78edabd8bab2eb?s=96&d=mm&r=g\",\"url\":\"https:\\\/\\\/secure.gravatar.com\\\/avatar\\\/0ad71be637f02386933ba6cd59fc5789cb4928ff94791afe4c78edabd8bab2eb?s=96&d=mm&r=g\",\"contentUrl\":\"https:\\\/\\\/secure.gravatar.com\\\/avatar\\\/0ad71be637f02386933ba6cd59fc5789cb4928ff94791afe4c78edabd8bab2eb?s=96&d=mm&r=g\",\"caption\":\"Eleni\"},\"sameAs\":[\"http:\\\/\\\/www.beachsidesoccer.org\"]}]}<\/script>\n<!-- \/ Yoast SEO plugin. -->","yoast_head_json":{"title":"Noah Radecki Invited to US Youth National Camp - Beachside Soccer","robots":{"index":"index","follow":"follow","max-snippet":"max-snippet:-1","max-image-preview":"max-image-preview:large","max-video-preview":"max-video-preview:-1"},"canonical":"https:\/\/beachsidesoccer.org\/es\/noah-radecki-invited-us-national-camp\/","og_locale":"es_MX","og_type":"article","og_title":"Noah Radecki Invited to US Youth National Camp - Beachside Soccer","og_description":"Beachside\u2019s Noah Radecki, a 2003 Boys Academy Team Member, has been invited to US Soccer\u2019s Youth National Team Futures Camp. Beginning May 26, 2017, U.S. Soccer will be hosting its &hellip; Continue reading Noah Radecki Invited to US Youth National Camp","og_url":"https:\/\/beachsidesoccer.org\/es\/noah-radecki-invited-us-national-camp\/","og_site_name":"Beachside Soccer","article_published_time":"2017-05-04T15:38:04+00:00","article_modified_time":"2017-10-18T18:22:38+00:00","author":"Eleni","twitter_card":"summary_large_image","twitter_misc":{"Escrito por":"Eleni","Tiempo de lectura":"1 minuto"},"schema":{"@context":"https:\/\/schema.org","@graph":[{"@type":"Article","@id":"https:\/\/beachsidesoccer.org\/noah-radecki-invited-us-national-camp\/#article","isPartOf":{"@id":"https:\/\/beachsidesoccer.org\/noah-radecki-invited-us-national-camp\/"},"author":{"name":"Eleni","@id":"https:\/\/beachsidesoccer.org\/#\/schema\/person\/c85675e00e2addda1525a20ca0c5144c"},"headline":"Noah Radecki Invited to US Youth National Camp","datePublished":"2017-05-04T15:38:04+00:00","dateModified":"2017-10-18T18:22:38+00:00","mainEntityOfPage":{"@id":"https:\/\/beachsidesoccer.org\/noah-radecki-invited-us-national-camp\/"},"wordCount":161,"publisher":{"@id":"https:\/\/beachsidesoccer.org\/#organization"},"articleSection":["Club News","Uncategorized"],"inLanguage":"es"},{"@type":"WebPage","@id":"https:\/\/beachsidesoccer.org\/noah-radecki-invited-us-national-camp\/","url":"https:\/\/beachsidesoccer.org\/noah-radecki-invited-us-national-camp\/","name":"Noah Radecki Invited to US Youth National Camp - Beachside Soccer","isPartOf":{"@id":"https:\/\/beachsidesoccer.org\/#website"},"datePublished":"2017-05-04T15:38:04+00:00","dateModified":"2017-10-18T18:22:38+00:00","breadcrumb":{"@id":"https:\/\/beachsidesoccer.org\/noah-radecki-invited-us-national-camp\/#breadcrumb"},"inLanguage":"es","potentialAction":[{"@type":"ReadAction","target":["https:\/\/beachsidesoccer.org\/noah-radecki-invited-us-national-camp\/"]}]},{"@type":"BreadcrumbList","@id":"https:\/\/beachsidesoccer.org\/noah-radecki-invited-us-national-camp\/#breadcrumb","itemListElement":[{"@type":"ListItem","position":1,"name":"Home","item":"https:\/\/beachsidesoccer.org\/"},{"@type":"ListItem","position":2,"name":"Noah Radecki Invited to US Youth National Camp"}]},{"@type":"WebSite","@id":"https:\/\/beachsidesoccer.org\/#website","url":"https:\/\/beachsidesoccer.org\/","name":"F\u00fatbol junto a la playa","description":"","publisher":{"@id":"https:\/\/beachsidesoccer.org\/#organization"},"potentialAction":[{"@type":"SearchAction","target":{"@type":"EntryPoint","urlTemplate":"https:\/\/beachsidesoccer.org\/?s={search_term_string}"},"query-input":{"@type":"PropertyValueSpecification","valueRequired":true,"valueName":"search_term_string"}}],"inLanguage":"es"},{"@type":"Organization","@id":"https:\/\/beachsidesoccer.org\/#organization","name":"Club de f\u00fatbol junto a la playa","url":"https:\/\/beachsidesoccer.org\/","logo":{"@type":"ImageObject","inLanguage":"es","@id":"https:\/\/beachsidesoccer.org\/#\/schema\/logo\/image\/","url":"https:\/\/beachsidesoccer.org\/wp-content\/uploads\/2016\/06\/beachside-bright-logo_small.jpg","contentUrl":"https:\/\/beachsidesoccer.org\/wp-content\/uploads\/2016\/06\/beachside-bright-logo_small.jpg","width":144,"height":179,"caption":"Beachside Soccer Club"},"image":{"@id":"https:\/\/beachsidesoccer.org\/#\/schema\/logo\/image\/"}},{"@type":"Person","@id":"https:\/\/beachsidesoccer.org\/#\/schema\/person\/c85675e00e2addda1525a20ca0c5144c","name":"Eleni","image":{"@type":"ImageObject","inLanguage":"es","@id":"https:\/\/secure.gravatar.com\/avatar\/0ad71be637f02386933ba6cd59fc5789cb4928ff94791afe4c78edabd8bab2eb?s=96&d=mm&r=g","url":"https:\/\/secure.gravatar.com\/avatar\/0ad71be637f02386933ba6cd59fc5789cb4928ff94791afe4c78edabd8bab2eb?s=96&d=mm&r=g","contentUrl":"https:\/\/secure.gravatar.com\/avatar\/0ad71be637f02386933ba6cd59fc5789cb4928ff94791afe4c78edabd8bab2eb?s=96&d=mm&r=g","caption":"Eleni"},"sameAs":["http:\/\/www.beachsidesoccer.org"]}]}},"_links":{"self":[{"href":"https:\/\/beachsidesoccer.org\/es\/wp-json\/wp\/v2\/posts\/7464","targetHints":{"allow":["GET"]}}],"collection":[{"href":"https:\/\/beachsidesoccer.org\/es\/wp-json\/wp\/v2\/posts"}],"about":[{"href":"https:\/\/beachsidesoccer.org\/es\/wp-json\/wp\/v2\/types\/post"}],"author":[{"embeddable":true,"href":"https:\/\/beachsidesoccer.org\/es\/wp-json\/wp\/v2\/users\/3"}],"replies":[{"embeddable":true,"href":"https:\/\/beachsidesoccer.org\/es\/wp-json\/wp\/v2\/comments?post=7464"}],"version-history":[{"count":0,"href":"https:\/\/beachsidesoccer.org\/es\/wp-json\/wp\/v2\/posts\/7464\/revisions"}],"wp:attachment":[{"href":"https:\/\/beachsidesoccer.org\/es\/wp-json\/wp\/v2\/media?parent=7464"}],"wp:term":[{"taxonomy":"category","embeddable":true,"href":"https:\/\/beachsidesoccer.org\/es\/wp-json\/wp\/v2\/categories?post=7464"},{"taxonomy":"post_tag","embeddable":true,"href":"https:\/\/beachsidesoccer.org\/es\/wp-json\/wp\/v2\/tags?post=7464"}],"curies":[{"name":"wp","href":"https:\/\/api.w.org\/{rel}","templated":true}]}}