{"id":7461,"date":"2017-05-04T11:32:25","date_gmt":"2017-05-04T15:32:25","guid":{"rendered":"https:\/\/beachsidesoccer.org\/?p=7461"},"modified":"2017-11-02T12:03:20","modified_gmt":"2017-11-02T16:03:20","slug":"hall-of-fame-2017","status":"publish","type":"post","link":"https:\/\/beachsidesoccer.org\/es\/hall-of-fame-2017\/","title":{"rendered":"Los miembros del Sal\u00f3n de la Fama inspiran"},"content":{"rendered":"<p>Los exjugadores de Beachside Shane Recklet y Anna Borea fueron incluidos en el Sal\u00f3n de la fama del Beachside Soccer Club en el Banquete anual de Beachside el domingo 30 de abril.<\/p>\n<p>Ambos se unieron al club como jugadores sub12 y jugaron para Beachside hasta que pasaron a roles iniciales de 4 a\u00f1os en el f\u00fatbol universitario Divison 1: Anna en Fairfield University y Shane en Quinnipiac.<\/p>\n<p><img decoding=\"async\" title=\"anne_b\" src=\"\/\/img-ak.verticalresponse.com\/media\/9\/c\/e\/9cec6a6ff1\/9a119a0648\/d281f8b3cb\/library\/anne_b.jpg\" alt=\"anne_b\" width=\"100\" height=\"113\" align=\"left\" border=\"0\" hspace=\"3\" vspace=\"0\" \/><img decoding=\"async\" title=\"recklet 2\" src=\"\/\/img-ak.verticalresponse.com\/media\/9\/c\/e\/9cec6a6ff1\/9a119a0648\/d281f8b3cb\/library\/recklet%202.jpg\" alt=\"recklet 2\" width=\"100\" height=\"113\" align=\"right\" border=\"0\" hspace=\"0\" vspace=\"0\" \/>Anna se graduar\u00e1 esta primavera y se dirigir\u00e1 a la Facultad de Derecho. Shane se ha unido recientemente a nuestro cuerpo t\u00e9cnico, despu\u00e9s de haber jugado profesionalmente en Alemania. Ambos hablaron con una audiencia de m\u00e1s de 500 jugadores y padres que llenaron el Greenwich Hyatt Ballroom el domingo, reflexionando sobre sus carreras junto a la playa y c\u00f3mo los prepar\u00f3 para los desaf\u00edos posteriores en sus vidas, dentro y fuera del campo.<\/p>\n<p><strong>Por favor, mire el discurso de Anna.\u00a0<u>ser\u00e1<\/u>\u00a0valdr\u00e1 la pena su tiempo:<\/strong><\/p>\n<p><strong><a href=\"http:\/\/cts.vresp.com\/c\/?MKS\/9a119a0648\/c1cfca820f\/57fc0e347e\">\u00a1HAGA CLIC AQU\u00cd!<\/a><\/strong><\/p>","protected":false},"excerpt":{"rendered":"<p>Former Beachside players Shane Recklet and Anna\u00a0Borea were inducted into Beachside Soccer Club&#8217;s Hall of fame at Beachside&#8217;s Annual Banquet Sunday April 30. Both joined the club as u12 players &hellip; <a href=\"https:\/\/beachsidesoccer.org\/es\/hall-of-fame-2017\/\" class=\"more-link\">Continue reading <span class=\"screen-reader-text\">Los miembros del Sal\u00f3n de la Fama inspiran<\/span><\/a><\/p>","protected":false},"author":3,"featured_media":0,"comment_status":"closed","ping_status":"open","sticky":false,"template":"","format":"standard","meta":{"_acf_changed":false,"footnotes":""},"categories":[80,79],"tags":[],"class_list":["post-7461","post","type-post","status-publish","format-standard","hentry","category-alumni_news","category-club_news"],"acf":[],"yoast_head":"<!-- This site is optimized with the Yoast SEO plugin v27.4 - https:\/\/yoast.com\/product\/yoast-seo-wordpress\/ -->\n<title>Hall of Fame Inductees Inspire - Beachside Soccer<\/title>\n<meta name=\"robots\" content=\"index, follow, max-snippet:-1, max-image-preview:large, max-video-preview:-1\" \/>\n<link rel=\"canonical\" href=\"https:\/\/beachsidesoccer.org\/es\/hall-of-fame-2017\/\" \/>\n<meta property=\"og:locale\" content=\"es_MX\" \/>\n<meta property=\"og:type\" content=\"article\" \/>\n<meta property=\"og:title\" content=\"Hall of Fame Inductees Inspire - Beachside Soccer\" \/>\n<meta property=\"og:description\" content=\"Former Beachside players Shane Recklet and Anna\u00a0Borea were inducted into Beachside Soccer Club&#8217;s Hall of fame at Beachside&#8217;s Annual Banquet Sunday April 30. Both joined the club as u12 players &hellip; Continue reading Hall of Fame Inductees Inspire\" \/>\n<meta property=\"og:url\" content=\"https:\/\/beachsidesoccer.org\/es\/hall-of-fame-2017\/\" \/>\n<meta property=\"og:site_name\" content=\"Beachside Soccer\" \/>\n<meta property=\"article:published_time\" content=\"2017-05-04T15:32:25+00:00\" \/>\n<meta property=\"article:modified_time\" content=\"2017-11-02T16:03:20+00:00\" \/>\n<meta property=\"og:image\" content=\"\/\/img-ak.verticalresponse.com\/media\/9\/c\/e\/9cec6a6ff1\/9a119a0648\/d281f8b3cb\/library\/anne_b.jpg\" \/>\n<meta name=\"author\" content=\"Eleni\" \/>\n<meta name=\"twitter:card\" content=\"summary_large_image\" \/>\n<meta name=\"twitter:label1\" content=\"Escrito por\" \/>\n\t<meta name=\"twitter:data1\" content=\"Eleni\" \/>\n\t<meta name=\"twitter:label2\" content=\"Tiempo de lectura\" \/>\n\t<meta name=\"twitter:data2\" content=\"1 minuto\" \/>\n<script type=\"application\/ld+json\" class=\"yoast-schema-graph\">{\"@context\":\"https:\\\/\\\/schema.org\",\"@graph\":[{\"@type\":\"Article\",\"@id\":\"https:\\\/\\\/beachsidesoccer.org\\\/es\\\/hall-of-fame-2017\\\/#article\",\"isPartOf\":{\"@id\":\"https:\\\/\\\/beachsidesoccer.org\\\/es\\\/hall-of-fame-2017\\\/\"},\"author\":{\"name\":\"Eleni\",\"@id\":\"https:\\\/\\\/beachsidesoccer.org\\\/#\\\/schema\\\/person\\\/c85675e00e2addda1525a20ca0c5144c\"},\"headline\":\"Hall of Fame Inductees Inspire\",\"datePublished\":\"2017-05-04T15:32:25+00:00\",\"dateModified\":\"2017-11-02T16:03:20+00:00\",\"mainEntityOfPage\":{\"@id\":\"https:\\\/\\\/beachsidesoccer.org\\\/es\\\/hall-of-fame-2017\\\/\"},\"wordCount\":138,\"publisher\":{\"@id\":\"https:\\\/\\\/beachsidesoccer.org\\\/#organization\"},\"articleSection\":[\"Alumni News\",\"Club News\"],\"inLanguage\":\"es\"},{\"@type\":\"WebPage\",\"@id\":\"https:\\\/\\\/beachsidesoccer.org\\\/es\\\/hall-of-fame-2017\\\/\",\"url\":\"https:\\\/\\\/beachsidesoccer.org\\\/es\\\/hall-of-fame-2017\\\/\",\"name\":\"Hall of Fame Inductees Inspire - Beachside Soccer\",\"isPartOf\":{\"@id\":\"https:\\\/\\\/beachsidesoccer.org\\\/#website\"},\"datePublished\":\"2017-05-04T15:32:25+00:00\",\"dateModified\":\"2017-11-02T16:03:20+00:00\",\"breadcrumb\":{\"@id\":\"https:\\\/\\\/beachsidesoccer.org\\\/es\\\/hall-of-fame-2017\\\/#breadcrumb\"},\"inLanguage\":\"es\",\"potentialAction\":[{\"@type\":\"ReadAction\",\"target\":[\"https:\\\/\\\/beachsidesoccer.org\\\/es\\\/hall-of-fame-2017\\\/\"]}]},{\"@type\":\"BreadcrumbList\",\"@id\":\"https:\\\/\\\/beachsidesoccer.org\\\/es\\\/hall-of-fame-2017\\\/#breadcrumb\",\"itemListElement\":[{\"@type\":\"ListItem\",\"position\":1,\"name\":\"Home\",\"item\":\"https:\\\/\\\/beachsidesoccer.org\\\/\"},{\"@type\":\"ListItem\",\"position\":2,\"name\":\"Hall of Fame Inductees Inspire\"}]},{\"@type\":\"WebSite\",\"@id\":\"https:\\\/\\\/beachsidesoccer.org\\\/#website\",\"url\":\"https:\\\/\\\/beachsidesoccer.org\\\/\",\"name\":\"Beachside Soccer\",\"description\":\"\",\"publisher\":{\"@id\":\"https:\\\/\\\/beachsidesoccer.org\\\/#organization\"},\"potentialAction\":[{\"@type\":\"SearchAction\",\"target\":{\"@type\":\"EntryPoint\",\"urlTemplate\":\"https:\\\/\\\/beachsidesoccer.org\\\/?s={search_term_string}\"},\"query-input\":{\"@type\":\"PropertyValueSpecification\",\"valueRequired\":true,\"valueName\":\"search_term_string\"}}],\"inLanguage\":\"es\"},{\"@type\":\"Organization\",\"@id\":\"https:\\\/\\\/beachsidesoccer.org\\\/#organization\",\"name\":\"Beachside Soccer Club\",\"url\":\"https:\\\/\\\/beachsidesoccer.org\\\/\",\"logo\":{\"@type\":\"ImageObject\",\"inLanguage\":\"es\",\"@id\":\"https:\\\/\\\/beachsidesoccer.org\\\/#\\\/schema\\\/logo\\\/image\\\/\",\"url\":\"https:\\\/\\\/beachsidesoccer.org\\\/wp-content\\\/uploads\\\/2016\\\/06\\\/beachside-bright-logo_small.jpg\",\"contentUrl\":\"https:\\\/\\\/beachsidesoccer.org\\\/wp-content\\\/uploads\\\/2016\\\/06\\\/beachside-bright-logo_small.jpg\",\"width\":144,\"height\":179,\"caption\":\"Beachside Soccer Club\"},\"image\":{\"@id\":\"https:\\\/\\\/beachsidesoccer.org\\\/#\\\/schema\\\/logo\\\/image\\\/\"}},{\"@type\":\"Person\",\"@id\":\"https:\\\/\\\/beachsidesoccer.org\\\/#\\\/schema\\\/person\\\/c85675e00e2addda1525a20ca0c5144c\",\"name\":\"Eleni\",\"image\":{\"@type\":\"ImageObject\",\"inLanguage\":\"es\",\"@id\":\"https:\\\/\\\/secure.gravatar.com\\\/avatar\\\/0ad71be637f02386933ba6cd59fc5789cb4928ff94791afe4c78edabd8bab2eb?s=96&d=mm&r=g\",\"url\":\"https:\\\/\\\/secure.gravatar.com\\\/avatar\\\/0ad71be637f02386933ba6cd59fc5789cb4928ff94791afe4c78edabd8bab2eb?s=96&d=mm&r=g\",\"contentUrl\":\"https:\\\/\\\/secure.gravatar.com\\\/avatar\\\/0ad71be637f02386933ba6cd59fc5789cb4928ff94791afe4c78edabd8bab2eb?s=96&d=mm&r=g\",\"caption\":\"Eleni\"},\"sameAs\":[\"http:\\\/\\\/www.beachsidesoccer.org\"]}]}<\/script>\n<!-- \/ Yoast SEO plugin. -->","yoast_head_json":{"title":"Hall of Fame Inductees Inspire - Beachside Soccer","robots":{"index":"index","follow":"follow","max-snippet":"max-snippet:-1","max-image-preview":"max-image-preview:large","max-video-preview":"max-video-preview:-1"},"canonical":"https:\/\/beachsidesoccer.org\/es\/hall-of-fame-2017\/","og_locale":"es_MX","og_type":"article","og_title":"Hall of Fame Inductees Inspire - Beachside Soccer","og_description":"Former Beachside players Shane Recklet and Anna\u00a0Borea were inducted into Beachside Soccer Club&#8217;s Hall of fame at Beachside&#8217;s Annual Banquet Sunday April 30. Both joined the club as u12 players &hellip; Continue reading Hall of Fame Inductees Inspire","og_url":"https:\/\/beachsidesoccer.org\/es\/hall-of-fame-2017\/","og_site_name":"Beachside Soccer","article_published_time":"2017-05-04T15:32:25+00:00","article_modified_time":"2017-11-02T16:03:20+00:00","og_image":[{"url":"\/\/img-ak.verticalresponse.com\/media\/9\/c\/e\/9cec6a6ff1\/9a119a0648\/d281f8b3cb\/library\/anne_b.jpg","type":"","width":"","height":""}],"author":"Eleni","twitter_card":"summary_large_image","twitter_misc":{"Escrito por":"Eleni","Tiempo de lectura":"1 minuto"},"schema":{"@context":"https:\/\/schema.org","@graph":[{"@type":"Article","@id":"https:\/\/beachsidesoccer.org\/es\/hall-of-fame-2017\/#article","isPartOf":{"@id":"https:\/\/beachsidesoccer.org\/es\/hall-of-fame-2017\/"},"author":{"name":"Eleni","@id":"https:\/\/beachsidesoccer.org\/#\/schema\/person\/c85675e00e2addda1525a20ca0c5144c"},"headline":"Hall of Fame Inductees Inspire","datePublished":"2017-05-04T15:32:25+00:00","dateModified":"2017-11-02T16:03:20+00:00","mainEntityOfPage":{"@id":"https:\/\/beachsidesoccer.org\/es\/hall-of-fame-2017\/"},"wordCount":138,"publisher":{"@id":"https:\/\/beachsidesoccer.org\/#organization"},"articleSection":["Alumni News","Club News"],"inLanguage":"es"},{"@type":"WebPage","@id":"https:\/\/beachsidesoccer.org\/es\/hall-of-fame-2017\/","url":"https:\/\/beachsidesoccer.org\/es\/hall-of-fame-2017\/","name":"Hall of Fame Inductees Inspire - Beachside Soccer","isPartOf":{"@id":"https:\/\/beachsidesoccer.org\/#website"},"datePublished":"2017-05-04T15:32:25+00:00","dateModified":"2017-11-02T16:03:20+00:00","breadcrumb":{"@id":"https:\/\/beachsidesoccer.org\/es\/hall-of-fame-2017\/#breadcrumb"},"inLanguage":"es","potentialAction":[{"@type":"ReadAction","target":["https:\/\/beachsidesoccer.org\/es\/hall-of-fame-2017\/"]}]},{"@type":"BreadcrumbList","@id":"https:\/\/beachsidesoccer.org\/es\/hall-of-fame-2017\/#breadcrumb","itemListElement":[{"@type":"ListItem","position":1,"name":"Home","item":"https:\/\/beachsidesoccer.org\/"},{"@type":"ListItem","position":2,"name":"Hall of Fame Inductees Inspire"}]},{"@type":"WebSite","@id":"https:\/\/beachsidesoccer.org\/#website","url":"https:\/\/beachsidesoccer.org\/","name":"F\u00fatbol junto a la playa","description":"","publisher":{"@id":"https:\/\/beachsidesoccer.org\/#organization"},"potentialAction":[{"@type":"SearchAction","target":{"@type":"EntryPoint","urlTemplate":"https:\/\/beachsidesoccer.org\/?s={search_term_string}"},"query-input":{"@type":"PropertyValueSpecification","valueRequired":true,"valueName":"search_term_string"}}],"inLanguage":"es"},{"@type":"Organization","@id":"https:\/\/beachsidesoccer.org\/#organization","name":"Club de f\u00fatbol junto a la playa","url":"https:\/\/beachsidesoccer.org\/","logo":{"@type":"ImageObject","inLanguage":"es","@id":"https:\/\/beachsidesoccer.org\/#\/schema\/logo\/image\/","url":"https:\/\/beachsidesoccer.org\/wp-content\/uploads\/2016\/06\/beachside-bright-logo_small.jpg","contentUrl":"https:\/\/beachsidesoccer.org\/wp-content\/uploads\/2016\/06\/beachside-bright-logo_small.jpg","width":144,"height":179,"caption":"Beachside Soccer Club"},"image":{"@id":"https:\/\/beachsidesoccer.org\/#\/schema\/logo\/image\/"}},{"@type":"Person","@id":"https:\/\/beachsidesoccer.org\/#\/schema\/person\/c85675e00e2addda1525a20ca0c5144c","name":"Eleni","image":{"@type":"ImageObject","inLanguage":"es","@id":"https:\/\/secure.gravatar.com\/avatar\/0ad71be637f02386933ba6cd59fc5789cb4928ff94791afe4c78edabd8bab2eb?s=96&d=mm&r=g","url":"https:\/\/secure.gravatar.com\/avatar\/0ad71be637f02386933ba6cd59fc5789cb4928ff94791afe4c78edabd8bab2eb?s=96&d=mm&r=g","contentUrl":"https:\/\/secure.gravatar.com\/avatar\/0ad71be637f02386933ba6cd59fc5789cb4928ff94791afe4c78edabd8bab2eb?s=96&d=mm&r=g","caption":"Eleni"},"sameAs":["http:\/\/www.beachsidesoccer.org"]}]}},"_links":{"self":[{"href":"https:\/\/beachsidesoccer.org\/es\/wp-json\/wp\/v2\/posts\/7461","targetHints":{"allow":["GET"]}}],"collection":[{"href":"https:\/\/beachsidesoccer.org\/es\/wp-json\/wp\/v2\/posts"}],"about":[{"href":"https:\/\/beachsidesoccer.org\/es\/wp-json\/wp\/v2\/types\/post"}],"author":[{"embeddable":true,"href":"https:\/\/beachsidesoccer.org\/es\/wp-json\/wp\/v2\/users\/3"}],"replies":[{"embeddable":true,"href":"https:\/\/beachsidesoccer.org\/es\/wp-json\/wp\/v2\/comments?post=7461"}],"version-history":[{"count":0,"href":"https:\/\/beachsidesoccer.org\/es\/wp-json\/wp\/v2\/posts\/7461\/revisions"}],"wp:attachment":[{"href":"https:\/\/beachsidesoccer.org\/es\/wp-json\/wp\/v2\/media?parent=7461"}],"wp:term":[{"taxonomy":"category","embeddable":true,"href":"https:\/\/beachsidesoccer.org\/es\/wp-json\/wp\/v2\/categories?post=7461"},{"taxonomy":"post_tag","embeddable":true,"href":"https:\/\/beachsidesoccer.org\/es\/wp-json\/wp\/v2\/tags?post=7461"}],"curies":[{"name":"wp","href":"https:\/\/api.w.org\/{rel}","templated":true}]}}