{"id":253,"date":"2008-12-16T19:53:55","date_gmt":"2008-12-16T19:53:55","guid":{"rendered":"https:\/\/beachsidesoccer.org\/?p=253"},"modified":"2016-07-25T12:21:04","modified_gmt":"2016-07-25T16:21:04","slug":"u13-gk-scott-levene-selected-for-us-national-team","status":"publish","type":"post","link":"https:\/\/beachsidesoccer.org\/es\/u13-gk-scott-levene-selected-for-us-national-team\/","title":{"rendered":"U13 GK Scott Levene seleccionado para la selecci\u00f3n nacional de EE. UU."},"content":{"rendered":"<p><img fetchpriority=\"high\" decoding=\"async\" class=\"alignleft size-medium wp-image-299\" src=\"https:\/\/beachsidesoccer.org\/wp-content\/uploads\/2008\/12\/scott-230x300.jpg\" alt=\"scott\" width=\"230\" height=\"300\" srcset=\"https:\/\/beachsidesoccer.org\/wp-content\/uploads\/2008\/12\/scott-230x300.jpg 230w, https:\/\/beachsidesoccer.org\/wp-content\/uploads\/2008\/12\/scott.jpg 250w\" sizes=\"(max-width: 230px) 100vw, 230px\" \/>Con una convocatoria anterior al Campamento Nacional Sub-14 de EE. UU. Y una actuaci\u00f3n impresionante en las interregionales de Acci\u00f3n de Gracias del mes pasado, el portero de Beachside Sub-13 Scott Levene acaba de ser nombrado para la lista de la Selecci\u00f3n Nacional Sub 14 de EE. disponible del 18 al 25 de enero.<\/p>\n<p>Scott, quien empez\u00f3 a jugar como &#039;portero en rec. f\u00fatbol cuando ten\u00eda 6 a\u00f1os, se enter\u00f3 de que hab\u00eda llegado a la selecci\u00f3n nacional para el viaje a M\u00e9xico cuando estaba en la escuela almorzando. Su madre Jane le envi\u00f3 un mensaje de texto para decirle &quot;Has sido seleccionado para un puesto en la lista de la Selecci\u00f3n Nacional&quot;. En ese momento, Scott dice: \u201cGrit\u00e9: &#039;\u00a1Entr\u00e9 en la Selecci\u00f3n Nacional!&#039; Estaba tan feliz que todo lo que quer\u00eda hacer era ir a casa y leer el correo electr\u00f3nico &quot;.<\/p>\n<p>A Scott le gusta jugar como portero porque puede ver todo el campo y toda la acci\u00f3n. \u201cMi objetivo es evitar que otros marquen y cuanto mejor me comunico con mis defensores, m\u00e1s probabilidades tenemos de acabar con la ofensiva del otro equipo\u201d, dice. Adem\u00e1s, agrega: &quot;se siente como si estuvieras volando cuando buceas&quot;.<\/p>\n<p>Jugar a nivel estatal, regional y nacional le ha dado la oportunidad de jugar con los mejores jugadores de su edad en el pa\u00eds. \u201cJugar a este nivel me ha ayudado a ser un mejor jugador. He aprendido lo duro que tengo que trabajar si quiero jugar al m\u00e1s alto nivel y, con suerte, alg\u00fan d\u00eda en una universidad de la Divisi\u00f3n 1 y tal vez alg\u00fan d\u00eda como profesional &quot;.<\/p>\n<p>\u201cEn mi equipo de Beachside, estoy rodeado de grandes compa\u00f1eros de equipo que me apoyan\u201d, continu\u00f3 Scott.<\/p>\n<p>\u201cA diferencia de muchos otros clubes, los jugadores de Beachside est\u00e1n comprometidos y conocen el juego. Mi entrenador, Allan Zuniga, es un gran entrenador. Me ha ayudado mucho en lo que deber\u00eda trabajar y en c\u00f3mo mejorar mi juego. Adem\u00e1s, la ayuda que he recibido de Pete Doneit desde que me un\u00ed a Beachside ha sido incre\u00edble. Ha realizado algunas sesiones individuales conmigo para ayudarme a mejorar; dos de ellas fueron justo antes de que fuera al campamento nacional de ODP &quot;.<\/p>\n<p>&quot;Gracias a Beachside por todo su apoyo a Scott y la formaci\u00f3n que le han dado&quot;, dijeron sus padres Jane y Phil Levene.<\/p>","protected":false},"excerpt":{"rendered":"<p>With a previous call up to the US under 14 National Camp and an impressive showing at last month&#8217;s Thanksgiving inter-regionals, Beachside U-13 goalkeeper Scott Levene was just named to &hellip; <a href=\"https:\/\/beachsidesoccer.org\/es\/u13-gk-scott-levene-selected-for-us-national-team\/\" class=\"more-link\">Continue reading <span class=\"screen-reader-text\">U13 GK Scott Levene seleccionado para la selecci\u00f3n nacional de EE. UU.<\/span><\/a><\/p>","protected":false},"author":3,"featured_media":0,"comment_status":"closed","ping_status":"closed","sticky":false,"template":"","format":"standard","meta":{"_acf_changed":false,"footnotes":""},"categories":[1],"tags":[],"class_list":["post-253","post","type-post","status-publish","format-standard","hentry","category-uncategorized"],"acf":[],"yoast_head":"<!-- This site is optimized with the Yoast SEO plugin v27.4 - https:\/\/yoast.com\/product\/yoast-seo-wordpress\/ -->\n<title>U13 GK Scott Levene Selected for US National Team! - Beachside Soccer<\/title>\n<meta name=\"description\" content=\"Beachside U-13 goalkeeper Scott Levene was named to the roster for the U.S. under 14 National Team heading to Guadelajara, Mexico this coming Jan 18-25th.\" \/>\n<meta name=\"robots\" content=\"index, follow, max-snippet:-1, max-image-preview:large, max-video-preview:-1\" \/>\n<link rel=\"canonical\" href=\"https:\/\/beachsidesoccer.org\/es\/u13-gk-scott-levene-selected-for-us-national-team\/\" \/>\n<meta property=\"og:locale\" content=\"es_MX\" \/>\n<meta property=\"og:type\" content=\"article\" \/>\n<meta property=\"og:title\" content=\"U13 GK Scott Levene Selected for US National Team! - Beachside Soccer\" \/>\n<meta property=\"og:description\" content=\"Beachside U-13 goalkeeper Scott Levene was named to the roster for the U.S. under 14 National Team heading to Guadelajara, Mexico this coming Jan 18-25th.\" \/>\n<meta property=\"og:url\" content=\"https:\/\/beachsidesoccer.org\/es\/u13-gk-scott-levene-selected-for-us-national-team\/\" \/>\n<meta property=\"og:site_name\" content=\"Beachside Soccer\" \/>\n<meta property=\"article:published_time\" content=\"2008-12-16T19:53:55+00:00\" \/>\n<meta property=\"article:modified_time\" content=\"2016-07-25T16:21:04+00:00\" \/>\n<meta property=\"og:image\" content=\"https:\/\/beachsidesoccer.org\/wp-content\/uploads\/2008\/12\/scott-230x300.jpg\" \/>\n<meta name=\"author\" content=\"Eleni\" \/>\n<meta name=\"twitter:card\" content=\"summary_large_image\" \/>\n<meta name=\"twitter:label1\" content=\"Escrito por\" \/>\n\t<meta name=\"twitter:data1\" content=\"Eleni\" \/>\n\t<meta name=\"twitter:label2\" content=\"Tiempo de lectura\" \/>\n\t<meta name=\"twitter:data2\" content=\"2 minutos\" \/>\n<script type=\"application\/ld+json\" class=\"yoast-schema-graph\">{\"@context\":\"https:\\\/\\\/schema.org\",\"@graph\":[{\"@type\":\"Article\",\"@id\":\"https:\\\/\\\/beachsidesoccer.org\\\/u13-gk-scott-levene-selected-for-us-national-team\\\/#article\",\"isPartOf\":{\"@id\":\"https:\\\/\\\/beachsidesoccer.org\\\/u13-gk-scott-levene-selected-for-us-national-team\\\/\"},\"author\":{\"name\":\"Eleni\",\"@id\":\"https:\\\/\\\/beachsidesoccer.org\\\/#\\\/schema\\\/person\\\/c85675e00e2addda1525a20ca0c5144c\"},\"headline\":\"U13 GK Scott Levene Selected for US National Team!\",\"datePublished\":\"2008-12-16T19:53:55+00:00\",\"dateModified\":\"2016-07-25T16:21:04+00:00\",\"mainEntityOfPage\":{\"@id\":\"https:\\\/\\\/beachsidesoccer.org\\\/u13-gk-scott-levene-selected-for-us-national-team\\\/\"},\"wordCount\":386,\"publisher\":{\"@id\":\"https:\\\/\\\/beachsidesoccer.org\\\/#organization\"},\"image\":{\"@id\":\"https:\\\/\\\/beachsidesoccer.org\\\/u13-gk-scott-levene-selected-for-us-national-team\\\/#primaryimage\"},\"thumbnailUrl\":\"https:\\\/\\\/beachsidesoccer.org\\\/wp-content\\\/uploads\\\/2008\\\/12\\\/scott-230x300.jpg\",\"articleSection\":[\"Uncategorized\"],\"inLanguage\":\"es\"},{\"@type\":\"WebPage\",\"@id\":\"https:\\\/\\\/beachsidesoccer.org\\\/u13-gk-scott-levene-selected-for-us-national-team\\\/\",\"url\":\"https:\\\/\\\/beachsidesoccer.org\\\/u13-gk-scott-levene-selected-for-us-national-team\\\/\",\"name\":\"U13 GK Scott Levene Selected for US National Team! - Beachside Soccer\",\"isPartOf\":{\"@id\":\"https:\\\/\\\/beachsidesoccer.org\\\/#website\"},\"primaryImageOfPage\":{\"@id\":\"https:\\\/\\\/beachsidesoccer.org\\\/u13-gk-scott-levene-selected-for-us-national-team\\\/#primaryimage\"},\"image\":{\"@id\":\"https:\\\/\\\/beachsidesoccer.org\\\/u13-gk-scott-levene-selected-for-us-national-team\\\/#primaryimage\"},\"thumbnailUrl\":\"https:\\\/\\\/beachsidesoccer.org\\\/wp-content\\\/uploads\\\/2008\\\/12\\\/scott-230x300.jpg\",\"datePublished\":\"2008-12-16T19:53:55+00:00\",\"dateModified\":\"2016-07-25T16:21:04+00:00\",\"description\":\"Beachside U-13 goalkeeper Scott Levene was named to the roster for the U.S. under 14 National Team heading to Guadelajara, Mexico this coming Jan 18-25th.\",\"breadcrumb\":{\"@id\":\"https:\\\/\\\/beachsidesoccer.org\\\/u13-gk-scott-levene-selected-for-us-national-team\\\/#breadcrumb\"},\"inLanguage\":\"es\",\"potentialAction\":[{\"@type\":\"ReadAction\",\"target\":[\"https:\\\/\\\/beachsidesoccer.org\\\/u13-gk-scott-levene-selected-for-us-national-team\\\/\"]}]},{\"@type\":\"ImageObject\",\"inLanguage\":\"es\",\"@id\":\"https:\\\/\\\/beachsidesoccer.org\\\/u13-gk-scott-levene-selected-for-us-national-team\\\/#primaryimage\",\"url\":\"https:\\\/\\\/beachsidesoccer.org\\\/wp-content\\\/uploads\\\/2008\\\/12\\\/scott-230x300.jpg\",\"contentUrl\":\"https:\\\/\\\/beachsidesoccer.org\\\/wp-content\\\/uploads\\\/2008\\\/12\\\/scott-230x300.jpg\"},{\"@type\":\"BreadcrumbList\",\"@id\":\"https:\\\/\\\/beachsidesoccer.org\\\/u13-gk-scott-levene-selected-for-us-national-team\\\/#breadcrumb\",\"itemListElement\":[{\"@type\":\"ListItem\",\"position\":1,\"name\":\"Home\",\"item\":\"https:\\\/\\\/beachsidesoccer.org\\\/\"},{\"@type\":\"ListItem\",\"position\":2,\"name\":\"U13 GK Scott Levene Selected for US National Team!\"}]},{\"@type\":\"WebSite\",\"@id\":\"https:\\\/\\\/beachsidesoccer.org\\\/#website\",\"url\":\"https:\\\/\\\/beachsidesoccer.org\\\/\",\"name\":\"Beachside Soccer\",\"description\":\"\",\"publisher\":{\"@id\":\"https:\\\/\\\/beachsidesoccer.org\\\/#organization\"},\"potentialAction\":[{\"@type\":\"SearchAction\",\"target\":{\"@type\":\"EntryPoint\",\"urlTemplate\":\"https:\\\/\\\/beachsidesoccer.org\\\/?s={search_term_string}\"},\"query-input\":{\"@type\":\"PropertyValueSpecification\",\"valueRequired\":true,\"valueName\":\"search_term_string\"}}],\"inLanguage\":\"es\"},{\"@type\":\"Organization\",\"@id\":\"https:\\\/\\\/beachsidesoccer.org\\\/#organization\",\"name\":\"Beachside Soccer Club\",\"url\":\"https:\\\/\\\/beachsidesoccer.org\\\/\",\"logo\":{\"@type\":\"ImageObject\",\"inLanguage\":\"es\",\"@id\":\"https:\\\/\\\/beachsidesoccer.org\\\/#\\\/schema\\\/logo\\\/image\\\/\",\"url\":\"https:\\\/\\\/beachsidesoccer.org\\\/wp-content\\\/uploads\\\/2016\\\/06\\\/beachside-bright-logo_small.jpg\",\"contentUrl\":\"https:\\\/\\\/beachsidesoccer.org\\\/wp-content\\\/uploads\\\/2016\\\/06\\\/beachside-bright-logo_small.jpg\",\"width\":144,\"height\":179,\"caption\":\"Beachside Soccer Club\"},\"image\":{\"@id\":\"https:\\\/\\\/beachsidesoccer.org\\\/#\\\/schema\\\/logo\\\/image\\\/\"}},{\"@type\":\"Person\",\"@id\":\"https:\\\/\\\/beachsidesoccer.org\\\/#\\\/schema\\\/person\\\/c85675e00e2addda1525a20ca0c5144c\",\"name\":\"Eleni\",\"image\":{\"@type\":\"ImageObject\",\"inLanguage\":\"es\",\"@id\":\"https:\\\/\\\/secure.gravatar.com\\\/avatar\\\/0ad71be637f02386933ba6cd59fc5789cb4928ff94791afe4c78edabd8bab2eb?s=96&d=mm&r=g\",\"url\":\"https:\\\/\\\/secure.gravatar.com\\\/avatar\\\/0ad71be637f02386933ba6cd59fc5789cb4928ff94791afe4c78edabd8bab2eb?s=96&d=mm&r=g\",\"contentUrl\":\"https:\\\/\\\/secure.gravatar.com\\\/avatar\\\/0ad71be637f02386933ba6cd59fc5789cb4928ff94791afe4c78edabd8bab2eb?s=96&d=mm&r=g\",\"caption\":\"Eleni\"},\"sameAs\":[\"http:\\\/\\\/www.beachsidesoccer.org\"]}]}<\/script>\n<!-- \/ Yoast SEO plugin. -->","yoast_head_json":{"title":"U13 GK Scott Levene Selected for US National Team! - Beachside Soccer","description":"Beachside U-13 goalkeeper Scott Levene was named to the roster for the U.S. under 14 National Team heading to Guadelajara, Mexico this coming Jan 18-25th.","robots":{"index":"index","follow":"follow","max-snippet":"max-snippet:-1","max-image-preview":"max-image-preview:large","max-video-preview":"max-video-preview:-1"},"canonical":"https:\/\/beachsidesoccer.org\/es\/u13-gk-scott-levene-selected-for-us-national-team\/","og_locale":"es_MX","og_type":"article","og_title":"U13 GK Scott Levene Selected for US National Team! - Beachside Soccer","og_description":"Beachside U-13 goalkeeper Scott Levene was named to the roster for the U.S. under 14 National Team heading to Guadelajara, Mexico this coming Jan 18-25th.","og_url":"https:\/\/beachsidesoccer.org\/es\/u13-gk-scott-levene-selected-for-us-national-team\/","og_site_name":"Beachside Soccer","article_published_time":"2008-12-16T19:53:55+00:00","article_modified_time":"2016-07-25T16:21:04+00:00","og_image":[{"url":"https:\/\/beachsidesoccer.org\/wp-content\/uploads\/2008\/12\/scott-230x300.jpg","type":"","width":"","height":""}],"author":"Eleni","twitter_card":"summary_large_image","twitter_misc":{"Escrito por":"Eleni","Tiempo de lectura":"2 minutos"},"schema":{"@context":"https:\/\/schema.org","@graph":[{"@type":"Article","@id":"https:\/\/beachsidesoccer.org\/u13-gk-scott-levene-selected-for-us-national-team\/#article","isPartOf":{"@id":"https:\/\/beachsidesoccer.org\/u13-gk-scott-levene-selected-for-us-national-team\/"},"author":{"name":"Eleni","@id":"https:\/\/beachsidesoccer.org\/#\/schema\/person\/c85675e00e2addda1525a20ca0c5144c"},"headline":"U13 GK Scott Levene Selected for US National Team!","datePublished":"2008-12-16T19:53:55+00:00","dateModified":"2016-07-25T16:21:04+00:00","mainEntityOfPage":{"@id":"https:\/\/beachsidesoccer.org\/u13-gk-scott-levene-selected-for-us-national-team\/"},"wordCount":386,"publisher":{"@id":"https:\/\/beachsidesoccer.org\/#organization"},"image":{"@id":"https:\/\/beachsidesoccer.org\/u13-gk-scott-levene-selected-for-us-national-team\/#primaryimage"},"thumbnailUrl":"https:\/\/beachsidesoccer.org\/wp-content\/uploads\/2008\/12\/scott-230x300.jpg","articleSection":["Uncategorized"],"inLanguage":"es"},{"@type":"WebPage","@id":"https:\/\/beachsidesoccer.org\/u13-gk-scott-levene-selected-for-us-national-team\/","url":"https:\/\/beachsidesoccer.org\/u13-gk-scott-levene-selected-for-us-national-team\/","name":"U13 GK Scott Levene Selected for US National Team! - Beachside Soccer","isPartOf":{"@id":"https:\/\/beachsidesoccer.org\/#website"},"primaryImageOfPage":{"@id":"https:\/\/beachsidesoccer.org\/u13-gk-scott-levene-selected-for-us-national-team\/#primaryimage"},"image":{"@id":"https:\/\/beachsidesoccer.org\/u13-gk-scott-levene-selected-for-us-national-team\/#primaryimage"},"thumbnailUrl":"https:\/\/beachsidesoccer.org\/wp-content\/uploads\/2008\/12\/scott-230x300.jpg","datePublished":"2008-12-16T19:53:55+00:00","dateModified":"2016-07-25T16:21:04+00:00","description":"Beachside U-13 goalkeeper Scott Levene was named to the roster for the U.S. under 14 National Team heading to Guadelajara, Mexico this coming Jan 18-25th.","breadcrumb":{"@id":"https:\/\/beachsidesoccer.org\/u13-gk-scott-levene-selected-for-us-national-team\/#breadcrumb"},"inLanguage":"es","potentialAction":[{"@type":"ReadAction","target":["https:\/\/beachsidesoccer.org\/u13-gk-scott-levene-selected-for-us-national-team\/"]}]},{"@type":"ImageObject","inLanguage":"es","@id":"https:\/\/beachsidesoccer.org\/u13-gk-scott-levene-selected-for-us-national-team\/#primaryimage","url":"https:\/\/beachsidesoccer.org\/wp-content\/uploads\/2008\/12\/scott-230x300.jpg","contentUrl":"https:\/\/beachsidesoccer.org\/wp-content\/uploads\/2008\/12\/scott-230x300.jpg"},{"@type":"BreadcrumbList","@id":"https:\/\/beachsidesoccer.org\/u13-gk-scott-levene-selected-for-us-national-team\/#breadcrumb","itemListElement":[{"@type":"ListItem","position":1,"name":"Home","item":"https:\/\/beachsidesoccer.org\/"},{"@type":"ListItem","position":2,"name":"U13 GK Scott Levene Selected for US National Team!"}]},{"@type":"WebSite","@id":"https:\/\/beachsidesoccer.org\/#website","url":"https:\/\/beachsidesoccer.org\/","name":"F\u00fatbol junto a la playa","description":"","publisher":{"@id":"https:\/\/beachsidesoccer.org\/#organization"},"potentialAction":[{"@type":"SearchAction","target":{"@type":"EntryPoint","urlTemplate":"https:\/\/beachsidesoccer.org\/?s={search_term_string}"},"query-input":{"@type":"PropertyValueSpecification","valueRequired":true,"valueName":"search_term_string"}}],"inLanguage":"es"},{"@type":"Organization","@id":"https:\/\/beachsidesoccer.org\/#organization","name":"Club de f\u00fatbol junto a la playa","url":"https:\/\/beachsidesoccer.org\/","logo":{"@type":"ImageObject","inLanguage":"es","@id":"https:\/\/beachsidesoccer.org\/#\/schema\/logo\/image\/","url":"https:\/\/beachsidesoccer.org\/wp-content\/uploads\/2016\/06\/beachside-bright-logo_small.jpg","contentUrl":"https:\/\/beachsidesoccer.org\/wp-content\/uploads\/2016\/06\/beachside-bright-logo_small.jpg","width":144,"height":179,"caption":"Beachside Soccer Club"},"image":{"@id":"https:\/\/beachsidesoccer.org\/#\/schema\/logo\/image\/"}},{"@type":"Person","@id":"https:\/\/beachsidesoccer.org\/#\/schema\/person\/c85675e00e2addda1525a20ca0c5144c","name":"Eleni","image":{"@type":"ImageObject","inLanguage":"es","@id":"https:\/\/secure.gravatar.com\/avatar\/0ad71be637f02386933ba6cd59fc5789cb4928ff94791afe4c78edabd8bab2eb?s=96&d=mm&r=g","url":"https:\/\/secure.gravatar.com\/avatar\/0ad71be637f02386933ba6cd59fc5789cb4928ff94791afe4c78edabd8bab2eb?s=96&d=mm&r=g","contentUrl":"https:\/\/secure.gravatar.com\/avatar\/0ad71be637f02386933ba6cd59fc5789cb4928ff94791afe4c78edabd8bab2eb?s=96&d=mm&r=g","caption":"Eleni"},"sameAs":["http:\/\/www.beachsidesoccer.org"]}]}},"_links":{"self":[{"href":"https:\/\/beachsidesoccer.org\/es\/wp-json\/wp\/v2\/posts\/253","targetHints":{"allow":["GET"]}}],"collection":[{"href":"https:\/\/beachsidesoccer.org\/es\/wp-json\/wp\/v2\/posts"}],"about":[{"href":"https:\/\/beachsidesoccer.org\/es\/wp-json\/wp\/v2\/types\/post"}],"author":[{"embeddable":true,"href":"https:\/\/beachsidesoccer.org\/es\/wp-json\/wp\/v2\/users\/3"}],"replies":[{"embeddable":true,"href":"https:\/\/beachsidesoccer.org\/es\/wp-json\/wp\/v2\/comments?post=253"}],"version-history":[{"count":0,"href":"https:\/\/beachsidesoccer.org\/es\/wp-json\/wp\/v2\/posts\/253\/revisions"}],"wp:attachment":[{"href":"https:\/\/beachsidesoccer.org\/es\/wp-json\/wp\/v2\/media?parent=253"}],"wp:term":[{"taxonomy":"category","embeddable":true,"href":"https:\/\/beachsidesoccer.org\/es\/wp-json\/wp\/v2\/categories?post=253"},{"taxonomy":"post_tag","embeddable":true,"href":"https:\/\/beachsidesoccer.org\/es\/wp-json\/wp\/v2\/tags?post=253"}],"curies":[{"name":"wp","href":"https:\/\/api.w.org\/{rel}","templated":true}]}}